{"id":5572,"date":"2021-10-10T21:42:49","date_gmt":"2021-10-10T19:42:49","guid":{"rendered":"https:\/\/hartika.com\/?p=5572"},"modified":"2022-07-01T14:28:23","modified_gmt":"2022-07-01T12:28:23","slug":"hartika-parkan-kompozitine-sistema-universalus-erdviu-isdestymo-sprendimai","status":"publish","type":"post","link":"https:\/\/hartika.com\/lt\/uncategorized-lt\/hartika-parkan-kompozitine-sistema-universalus-erdviu-isdestymo-sprendimai\/","title":{"rendered":"HARTIKA PARKAN kompozitin\u0117 sistema &#8211; universal\u016bs erdvi\u0173 i\u0161d\u0117stymo sprendimai"},"content":{"rendered":"<div id=\"pl-5572\"  class=\"panel-layout\" ><div id=\"pg-5572-0\"  class=\"panel-grid panel-no-style\"  style=\"margin-bottom: 30px\" ><div id=\"pgc-5572-0-0\"  class=\"panel-grid-cell\" ><div id=\"panel-5572-0-0-0\" class=\"so-panel widget widget_sow-editor panel-first-child panel-last-child\" data-index=\"0\" ><div\n\t\t\t\n\t\t\tclass=\"so-widget-sow-editor so-widget-sow-editor-base\"\n\t\t\t\n\t\t>\n<div class=\"siteorigin-widget-tinymce textwidget\">\n\t<p>Priminkime, HARTIKA PARKAN yra gamini\u0173 linija i\u0161 PVC pagrindu pagamint\u0173 auk\u0161tos kokyb\u0117s medienos kompozit\u0173. Jos gamybai naudojam\u0173 med\u017eiag\u0173 strukt\u016bra suteikia sistemos elementams i\u0161skirtin\u012f stabilum\u0105 ir atsparum\u0105 oro s\u0105lygoms. Kompozitin\u0117 mediena yra atspari puvimui ir dilimui. Jos sud\u0117tyje\u00a0yra\u00a0pried\u0173 stabdan\u010di\u0173 pel\u0117sio ir saman\u0173 veisim\u0105si bei plitim\u0105. HARTIKA PARKAN elementai yra nejautr\u016bs sunkioms oro s\u0105lygoms, o j\u0173 naudojimas nereikalauja periodin\u0117s prie\u017ei\u016bros, da\u017eymo ar impregnavimo.<\/p>\n<p>HARTIKA PARKAN sistem\u0105 sudaro daug moduli\u0173, \u012fskaitant stulpelius , lentas ir apdailos elementus. Atsi\u017evelgiant \u012f didel\u012f sistemos ir jos tvirtinimo \u012ftais\u0173 stiprum\u0105\u00a0, ne\u012fmanoma nepamin\u0117ti, kad ji taip pat turi daug privalum\u0173, d\u0117l kuri\u0173 puikiai tinka naudoti ne tik plot\u0173 tv\u0117rimui bet ir platesniam panaudojimui.<\/p>\n<p>\u017demiau pateikiame kelet\u0105 \u012fdomi\u0173 HARTIKA PARKAN element\u0173 taikymo sri\u010di\u0173 spektr\u0105<strong>.<\/strong><\/p>\n<\/div>\n<\/div><\/div><\/div><\/div><div id=\"pg-5572-1\"  class=\"panel-grid panel-no-style\"  style=\"margin-bottom: 30px\" ><div id=\"pgc-5572-1-0\"  class=\"panel-grid-cell\" ><div id=\"panel-5572-1-0-0\" class=\"so-panel widget widget_sow-editor panel-first-child\" data-index=\"1\" style=\"margin-bottom: 30px\" ><div\n\t\t\t\n\t\t\tclass=\"so-widget-sow-editor so-widget-sow-editor-base\"\n\t\t\t\n\t\t>\n<div class=\"siteorigin-widget-tinymce textwidget\">\n\t<p><strong>Balkon\u0173 ir teras\u0173 pertvaros<\/strong><\/p>\n<\/div>\n<\/div><\/div><div id=\"panel-5572-1-0-1\" class=\"so-panel widget widget_sow-editor\" data-index=\"2\" style=\"margin-bottom: 30px\" ><div\n\t\t\t\n\t\t\tclass=\"so-widget-sow-editor so-widget-sow-editor-base\"\n\t\t\t\n\t\t>\n<div class=\"siteorigin-widget-tinymce textwidget\">\n\t<p>Da\u017enai susiduriame su dilema, kaip esteti\u0161kai atskirti erdv\u0119 terasoje, balkone ar kitose pastatams priklausan\u010diose erdv\u0117se.<\/p>\n<p>Viena vertus, tokia pertvara negali labai suma\u017einti naudojamo ploto, d\u0117l ko tv\u0117rimo konstrukcija turi b\u016bti lengva, ta\u010diau, kita\u00a0vertus, kad gal\u0117tum\u0117te naudotis\u00a0visi\u0161ku privatumu-turi b\u016bti tvirta ir tinkamai sumontuota.<\/p>\n<p>Gera mintis pasirinkti HARTIKA PARKAN sistemos pertvaras. Pertvara, pastatyta naudojant sistem\u0105, tur\u0117s tvirt\u0105 ir patikim\u0105 konstrukcij\u0105, atspari\u0105 net at\u0161iauriausioms oro s\u0105lygoms, bei u\u017eims nedidel\u0119 erdv\u0119. Esteti\u0161kai patraukli ir funkcionali pertvara d\u0117l turtingo spalv\u0173 asortimento ir turim\u0173 form\u0173 \u012fvairov\u0117s, gali prisitaikyti tiek prie \u0161iuolaikin\u0117s architekt\u016bros, tiek prie klasikini\u0173 fasad\u0173. Jos gali b\u016bti pilnos arba a\u017e\u016brines, sukurti atskir\u0105 erdv\u0119 arba tik pabr\u0117\u017eti atskirto pavir\u0161iaus ribas.<\/p>\n<\/div>\n<\/div><\/div><div id=\"panel-5572-1-0-2\" class=\"so-panel widget widget_sow-editor panel-last-child\" data-index=\"3\" ><div\n\t\t\t\n\t\t\tclass=\"so-widget-sow-editor so-widget-sow-editor-base\"\n\t\t\t\n\t\t>\n<div class=\"siteorigin-widget-tinymce textwidget\">\n\t<p><strong>Sodo\u00a0ma\u017eoji\u00a0architekt\u016bra<\/strong><\/p>\n<p>Sodas yra ne tik \u017eol\u0117s, g\u0117li\u0173 ir atpalaiduojan\u010dios \u017ealumos erdv\u0117. Tai rekreacine aplinka, susitikim\u0173 ir bendr\u0173 \u0161ven\u010di\u0173 vieta.<\/p>\n<p>Modulin\u0117 HARTIKA PARKAN sistema puikiai tinka sukurti\u00a0harmoning\u0105\u00a0erdv\u0119. Yra daugyb\u0117 variant\u0173, kaip prie\u0161ais nam\u0105 esant\u012f plot\u0105 padaryti \u012fsp\u016bding\u0105 ir nepamir\u0161tam\u0105. Sistema pasi\u017eymi pla\u010diu funkcionalumu ir<strong>\u00a0<\/strong>ilgaam\u017ei\u0161kumu, lie\u010diant pavir\u0161i\u0173 jau\u010diama maloni med\u017eio fakt\u016bra. Tinka naudoti statant pav\u0117sines, pergoles ir visus ma\u017eosios architekt\u016bros objektus, pvz. suolus, vaiki\u0161kus namelius ar d\u0117\u017ees sodo \u012frankiams ir pagalv\u0117ms.<\/p>\n<p>&nbsp;<\/p>\n<\/div>\n<\/div><\/div><\/div><div id=\"pgc-5572-1-1\"  class=\"panel-grid-cell\" ><div id=\"panel-5572-1-1-0\" class=\"so-panel widget widget_sow-image panel-first-child panel-last-child\" data-index=\"4\" ><div\n\t\t\t\n\t\t\tclass=\"so-widget-sow-image so-widget-sow-image-default-8b5b6f678277-5572\"\n\t\t\t\n\t\t>\n<div class=\"sow-image-container\">\n\t\t<img wpfc-lazyload-disable=\"true\" \n\tsrc=\"https:\/\/hartika.com\/wp-content\/uploads\/2020\/02\/PRZEGRODY-BALKONOWE-I-TARASOWE.jpg\" width=\"1163\" height=\"1280\" srcset=\"https:\/\/hartika.com\/wp-content\/uploads\/2020\/02\/PRZEGRODY-BALKONOWE-I-TARASOWE.jpg 1163w,  https:\/\/hartika.com\/wp-content\/uploads\/2020\/02\/PRZEGRODY-BALKONOWE-I-TARASOWE-273x300.jpg 273w,  https:\/\/hartika.com\/wp-content\/uploads\/2020\/02\/PRZEGRODY-BALKONOWE-I-TARASOWE-768x845.jpg 768w,  https:\/\/hartika.com\/wp-content\/uploads\/2020\/02\/PRZEGRODY-BALKONOWE-I-TARASOWE-930x1024.jpg 930w\" sizes=\"(max-width: 1163px) 100vw, 1163px\" title=\"PRZEGRODY BALKONOWE I TARASOWE\" alt=\"przegrody balkonowe i tarasowe z desek kompozytowych\" \t\tclass=\"so-widget-image\"\/>\n\t<\/div>\n\n<\/div><\/div><\/div><\/div><div id=\"pg-5572-2\"  class=\"panel-grid panel-no-style\"  style=\"margin-bottom: 30px\" ><div id=\"pgc-5572-2-0\"  class=\"panel-grid-cell\" ><div id=\"panel-5572-2-0-0\" class=\"so-panel widget widget_sow-image panel-first-child panel-last-child\" data-index=\"5\" ><div\n\t\t\t\n\t\t\tclass=\"so-widget-sow-image so-widget-sow-image-default-8b5b6f678277-5572\"\n\t\t\t\n\t\t>\n<div class=\"sow-image-container\">\n\t\t<img \n\tsrc=\"https:\/\/hartika.com\/wp-content\/uploads\/2020\/02\/MA\u0141A-ARCHITEKTURA-OGRODOWA.jpg\" width=\"2048\" height=\"1365\" srcset=\"https:\/\/hartika.com\/wp-content\/uploads\/2020\/02\/MA\u0141A-ARCHITEKTURA-OGRODOWA.jpg 2048w,  https:\/\/hartika.com\/wp-content\/uploads\/2020\/02\/MA\u0141A-ARCHITEKTURA-OGRODOWA-410x273.jpg 410w,  https:\/\/hartika.com\/wp-content\/uploads\/2020\/02\/MA\u0141A-ARCHITEKTURA-OGRODOWA-768x512.jpg 768w,  https:\/\/hartika.com\/wp-content\/uploads\/2020\/02\/MA\u0141A-ARCHITEKTURA-OGRODOWA-1024x683.jpg 1024w,  https:\/\/hartika.com\/wp-content\/uploads\/2020\/02\/MA\u0141A-ARCHITEKTURA-OGRODOWA-272x182.jpg 272w\" sizes=\"(max-width: 2048px) 100vw, 2048px\" title=\"MA\u0141A ARCHITEKTURA OGRODOWA\" alt=\"ma\u0142a architektura ogrodowa\" \t\tclass=\"so-widget-image\"\/>\n\t<\/div>\n\n<\/div><\/div><\/div><\/div><div id=\"pg-5572-3\"  class=\"panel-grid panel-no-style\"  style=\"margin-bottom: 30px\" ><div id=\"pgc-5572-3-0\"  class=\"panel-grid-cell\" ><div id=\"panel-5572-3-0-0\" class=\"so-panel widget widget_sow-editor panel-first-child panel-last-child\" data-index=\"6\" ><div\n\t\t\t\n\t\t\tclass=\"so-widget-sow-editor so-widget-sow-editor-base\"\n\t\t\t\n\t\t>\n<div class=\"siteorigin-widget-tinymce textwidget\">\n\t<p><strong>\u017daluma<\/strong><\/p>\n<p>Remdamiesi HARTIKA PARKAN sistemos elementais, pagaminome gazon\u0173 ir vazon\u0173 linij\u0105, kuri puikiai tinka sukurti gra\u017ei\u0105 ir i\u0161skirtin\u0119 \u017eali\u0105j\u0105 oaz\u0119 terasose, balkonuose, soduose, palei va\u017eiuojam\u0105sias dalis ,automobili\u0173 stov\u0117jimo aik\u0161tel\u0117se ir visose vietose, kur d\u0117l \u017eem\u0117s s\u0105lyg\u0173 (grindinio akmen\u0173, asfalto ir kt.) ne\u012fmanoma sodinti tiesiai \u012f atvir\u0105 \u017eem\u0119.<\/p>\n<p>\u017dinoma, \u0161is pasi\u016blymas yra tik\u00a0orientacinio pob\u016bd\u017eio, HARTIKA PARKAN sistema si\u016blo daug kit\u0173 galimybi\u0173. Esame \u012fsitikin\u0119, kad labiau i\u0161rank\u016bs klientai gal\u0117s kurti kur kas \u012fdomesnius sodo ir kit\u0173 erdvi\u0173 dizaino\u00a0projektus, naudojant min\u0117tos sistemos elementus.<\/p>\n<p>Reik\u0117t\u0173 prid\u0117ti, kad jie d\u0117l savo mechanini\u0173 savybi\u0173 ir didelio atsparumo nereikalauja papildomos\u00a0apsaugos \u017eiemos\u00a0sezono metu. Yra atspar\u016bs \u0161al\u010diui ir kitoms sunkioms oro s\u0105lygoms.<\/p>\n<\/div>\n<\/div><\/div><\/div><\/div><div id=\"pg-5572-4\"  class=\"panel-grid panel-no-style\"  style=\"margin-bottom: 30px\" ><div id=\"pgc-5572-4-0\"  class=\"panel-grid-cell\" ><div id=\"panel-5572-4-0-0\" class=\"so-panel widget widget_sow-image panel-first-child panel-last-child\" data-index=\"7\" ><div\n\t\t\t\n\t\t\tclass=\"so-widget-sow-image so-widget-sow-image-default-8b5b6f678277-5572\"\n\t\t\t\n\t\t>\n<div class=\"sow-image-container\">\n\t\t<img wpfc-lazyload-disable=\"true\" \n\tsrc=\"https:\/\/hartika.com\/wp-content\/uploads\/2020\/02\/donice-1.jpg\" width=\"960\" height=\"720\" srcset=\"https:\/\/hartika.com\/wp-content\/uploads\/2020\/02\/donice-1.jpg 960w,  https:\/\/hartika.com\/wp-content\/uploads\/2020\/02\/donice-1-400x300.jpg 400w,  https:\/\/hartika.com\/wp-content\/uploads\/2020\/02\/donice-1-768x576.jpg 768w\" sizes=\"(max-width: 960px) 100vw, 960px\" title=\"donice 1\" alt=\"produkty z desek kompozytowych\" \t\tclass=\"so-widget-image\"\/>\n\t<\/div>\n\n<\/div><\/div><\/div><div id=\"pgc-5572-4-1\"  class=\"panel-grid-cell\" ><div id=\"panel-5572-4-1-0\" class=\"so-panel widget widget_sow-image panel-first-child panel-last-child\" data-index=\"8\" ><div\n\t\t\t\n\t\t\tclass=\"so-widget-sow-image so-widget-sow-image-default-8b5b6f678277-5572\"\n\t\t\t\n\t\t>\n<div class=\"sow-image-container\">\n\t\t<img wpfc-lazyload-disable=\"true\" \n\tsrc=\"https:\/\/hartika.com\/wp-content\/uploads\/2020\/02\/donice-2.jpg\" width=\"960\" height=\"720\" srcset=\"https:\/\/hartika.com\/wp-content\/uploads\/2020\/02\/donice-2.jpg 960w,  https:\/\/hartika.com\/wp-content\/uploads\/2020\/02\/donice-2-400x300.jpg 400w,  https:\/\/hartika.com\/wp-content\/uploads\/2020\/02\/donice-2-768x576.jpg 768w\" sizes=\"(max-width: 960px) 100vw, 960px\" title=\"donice 2\" alt=\"skrzynia z desek kompozytowych\" \t\tclass=\"so-widget-image\"\/>\n\t<\/div>\n\n<\/div><\/div><\/div><div id=\"pgc-5572-4-2\"  class=\"panel-grid-cell\" ><div id=\"panel-5572-4-2-0\" class=\"so-panel widget widget_sow-image panel-first-child panel-last-child\" data-index=\"9\" ><div\n\t\t\t\n\t\t\tclass=\"so-widget-sow-image so-widget-sow-image-default-8b5b6f678277-5572\"\n\t\t\t\n\t\t>\n<div class=\"sow-image-container\">\n\t\t<img wpfc-lazyload-disable=\"true\" \n\tsrc=\"https:\/\/hartika.com\/wp-content\/uploads\/2020\/02\/donice-3.png\" width=\"960\" height=\"720\" srcset=\"https:\/\/hartika.com\/wp-content\/uploads\/2020\/02\/donice-3.png 960w,  https:\/\/hartika.com\/wp-content\/uploads\/2020\/02\/donice-3-400x300.png 400w,  https:\/\/hartika.com\/wp-content\/uploads\/2020\/02\/donice-3-768x576.png 768w\" sizes=\"(max-width: 960px) 100vw, 960px\" title=\"donice 3\" alt=\"aran\u017cacja desek kompozytowych\" \t\tclass=\"so-widget-image\"\/>\n\t<\/div>\n\n<\/div><\/div><\/div><\/div><div id=\"pg-5572-5\"  class=\"panel-grid panel-no-style\"  style=\"margin-bottom: 30px\" ><div id=\"pgc-5572-5-0\"  class=\"panel-grid-cell\" ><div id=\"panel-5572-5-0-0\" class=\"so-panel widget widget_sow-editor panel-first-child panel-last-child\" data-index=\"10\" ><div\n\t\t\t\n\t\t\tclass=\"so-widget-sow-editor so-widget-sow-editor-base\"\n\t\t\t\n\t\t>\n<div class=\"siteorigin-widget-tinymce textwidget\">\n\t<p><strong>Priestat\u0173 statymas<\/strong><\/p>\n<p>Namas\u00a0yra\u00a0pagrindinis\u00a0sodybos\u00a0pastatas. Nepriklausomai nuo pastato pob\u016bd\u017eio, tiek vienos \u0161eimos namas, tiek daugiabu\u010di\u0173 nam\u0173 atveju b\u016btina suteikti pagalbines patalpas, reikalingas gyventojams aptarnauti.<\/p>\n<p>Da\u017eniausiai yra tai ant\u017eemini\u0173 konteineri\u0173 atliek\u0173 surinkimo aik\u0161tel\u0117s su atskiru aptvaru ir stogeliu, \u012fvair\u016bs sand\u0117liukai nam\u0173 apyvokos reikmenims, \u012frankiams ar dvira\u010diams laikyti.<\/p>\n<p>Ypa\u010d daugiabu\u010di\u0173 nam\u0173 atveju, atliek\u0173 surinkimo aik\u0161teli\u0173 aptvarai ar stogai pagaminti naudojant tradicines med\u017eiagas, kaip plieniniai lak\u0161tai ar medis, kurias reikia nuolat pri\u017ei\u016br\u0117ti ir atnaujinti.<\/p>\n<p>\u0160i problema nekils, jei tokio tipo priestatai bus pastatyti naudojant HARTIKA PARKAN sistemos elementus.<\/p>\n<p>M\u016bs\u0173 pasi\u016blyme esan\u010dios lentos su grioveliu puikiai tinka pagalbini\u0173 patalp\u0173, reikaling\u0173 gyventojams aptarnauti sienoms. Pastat\u0173 savininkai ar daugiabu\u010di\u0173 nam\u0173 administratoriai netur\u0117s atlikti papildom\u0173 darb\u0173, kadangi lentos yra atsparios oro s\u0105lygoms ir\u00a0beveik nereikalauja\u00a0prie\u017ei\u016bros.<\/p>\n<p>&nbsp;<\/p>\n<\/div>\n<\/div><\/div><\/div><\/div><div id=\"pg-5572-6\"  class=\"panel-grid panel-no-style\" ><div id=\"pgc-5572-6-0\"  class=\"panel-grid-cell\" ><div id=\"panel-5572-6-0-0\" class=\"so-panel widget widget_sow-image panel-first-child panel-last-child\" data-index=\"11\" ><div\n\t\t\t\n\t\t\tclass=\"so-widget-sow-image so-widget-sow-image-default-8b5b6f678277-5572\"\n\t\t\t\n\t\t>\n<div class=\"sow-image-container\">\n\t\t<img wpfc-lazyload-disable=\"true\" \n\tsrc=\"https:\/\/hartika.com\/wp-content\/uploads\/2020\/02\/ZABUDOWA-OBIEKT\u00d3W-PRZYDOMOWYCH-3.jpg\" width=\"821\" height=\"1280\" srcset=\"https:\/\/hartika.com\/wp-content\/uploads\/2020\/02\/ZABUDOWA-OBIEKT\u00d3W-PRZYDOMOWYCH-3.jpg 821w,  https:\/\/hartika.com\/wp-content\/uploads\/2020\/02\/ZABUDOWA-OBIEKT\u00d3W-PRZYDOMOWYCH-3-192x300.jpg 192w,  https:\/\/hartika.com\/wp-content\/uploads\/2020\/02\/ZABUDOWA-OBIEKT\u00d3W-PRZYDOMOWYCH-3-768x1197.jpg 768w,  https:\/\/hartika.com\/wp-content\/uploads\/2020\/02\/ZABUDOWA-OBIEKT\u00d3W-PRZYDOMOWYCH-3-657x1024.jpg 657w\" sizes=\"(max-width: 821px) 100vw, 821px\" title=\"ZABUDOWA OBIEKT\u00d3W PRZYDOMOWYCH 3\" alt=\"zabudowa obiekt\u00f3w przydomowych\" \t\tclass=\"so-widget-image\"\/>\n\t<\/div>\n\n<\/div><\/div><\/div><div id=\"pgc-5572-6-1\"  class=\"panel-grid-cell\" ><div id=\"panel-5572-6-1-0\" class=\"so-panel widget widget_sow-image panel-first-child panel-last-child\" data-index=\"12\" ><div\n\t\t\t\n\t\t\tclass=\"so-widget-sow-image so-widget-sow-image-default-8b5b6f678277-5572\"\n\t\t\t\n\t\t>\n<div class=\"sow-image-container\">\n\t\t<img wpfc-lazyload-disable=\"true\" \n\tsrc=\"https:\/\/hartika.com\/wp-content\/uploads\/2020\/02\/ZABUDOWA-OBIEKT\u00d3W-PRZYDOMOWYCH-1.jpg\" width=\"821\" height=\"1280\" srcset=\"https:\/\/hartika.com\/wp-content\/uploads\/2020\/02\/ZABUDOWA-OBIEKT\u00d3W-PRZYDOMOWYCH-1.jpg 821w,  https:\/\/hartika.com\/wp-content\/uploads\/2020\/02\/ZABUDOWA-OBIEKT\u00d3W-PRZYDOMOWYCH-1-192x300.jpg 192w,  https:\/\/hartika.com\/wp-content\/uploads\/2020\/02\/ZABUDOWA-OBIEKT\u00d3W-PRZYDOMOWYCH-1-768x1197.jpg 768w,  https:\/\/hartika.com\/wp-content\/uploads\/2020\/02\/ZABUDOWA-OBIEKT\u00d3W-PRZYDOMOWYCH-1-657x1024.jpg 657w\" sizes=\"(max-width: 821px) 100vw, 821px\" title=\"ZABUDOWA OBIEKT\u00d3W PRZYDOMOWYCH 1\" alt=\"aran\u017cacja przestrzeni z deskami kompozytowymi\" \t\tclass=\"so-widget-image\"\/>\n\t<\/div>\n\n<\/div><\/div><\/div><div id=\"pgc-5572-6-2\"  class=\"panel-grid-cell\" ><div id=\"panel-5572-6-2-0\" class=\"so-panel widget widget_sow-image panel-first-child panel-last-child\" data-index=\"13\" ><div\n\t\t\t\n\t\t\tclass=\"so-widget-sow-image so-widget-sow-image-default-8b5b6f678277-5572\"\n\t\t\t\n\t\t>\n<div class=\"sow-image-container\">\n\t\t<img wpfc-lazyload-disable=\"true\" \n\tsrc=\"https:\/\/hartika.com\/wp-content\/uploads\/2020\/02\/ZABUDOWA-OBIEKT\u00d3W-PRZYDOMOWYCH-2.jpg\" width=\"821\" height=\"1280\" srcset=\"https:\/\/hartika.com\/wp-content\/uploads\/2020\/02\/ZABUDOWA-OBIEKT\u00d3W-PRZYDOMOWYCH-2.jpg 821w,  https:\/\/hartika.com\/wp-content\/uploads\/2020\/02\/ZABUDOWA-OBIEKT\u00d3W-PRZYDOMOWYCH-2-192x300.jpg 192w,  https:\/\/hartika.com\/wp-content\/uploads\/2020\/02\/ZABUDOWA-OBIEKT\u00d3W-PRZYDOMOWYCH-2-768x1197.jpg 768w,  https:\/\/hartika.com\/wp-content\/uploads\/2020\/02\/ZABUDOWA-OBIEKT\u00d3W-PRZYDOMOWYCH-2-657x1024.jpg 657w\" sizes=\"(max-width: 821px) 100vw, 821px\" title=\"ZABUDOWA OBIEKT\u00d3W PRZYDOMOWYCH 2\" alt=\"aran\u017cacja przestrzeni\" \t\tclass=\"so-widget-image\"\/>\n\t<\/div>\n\n<\/div><\/div><\/div><\/div><\/div>","protected":false},"excerpt":{"rendered":"<p>Neseniai rinkoje pasirod\u017eiusi kompozitin\u0117 sistema HARTIKA PARKAN sulauk\u0117 didelio susidom\u0117jimo d\u0117l i\u0161d\u0117stymo universalumo, paprasto montavimo ir i\u0161skirtinio ilgaam\u017ei\u0161kumo. I\u0161 ties\u0173, HARTIKA PARKAN pagrindin\u0117 paskirtis yra pertvaros ir tvoros, ta\u010diau tai ne vienintelis sistemos panaudojimo b\u016bdas.<\/p>","protected":false},"author":6,"featured_media":5583,"comment_status":"closed","ping_status":"closed","sticky":false,"template":"","format":"standard","meta":{"_acf_changed":false,"footnotes":""},"categories":[122],"tags":[153,157,161,163,152],"class_list":["post-5572","post","type-post","status-publish","format-standard","has-post-thumbnail","hentry","category-uncategorized-lt","tag-kompozito-tvora","tag-kompozito-tvorele","tag-lentos-patvarumas","tag-sveikos-lentos","tag-tvora"],"acf":[],"yoast_head":"<!-- This site is optimized with the Yoast SEO Premium plugin v20.6 (Yoast SEO v27.5) - https:\/\/yoast.com\/product\/yoast-seo-premium-wordpress\/ -->\n<title>HARTIKA PARKAN kompozitin\u0117 sistema<\/title>\n<meta name=\"robots\" content=\"index, follow, max-snippet:-1, max-image-preview:large, max-video-preview:-1\" \/>\n<link rel=\"canonical\" href=\"https:\/\/hartika.com\/lt\/uncategorized-lt\/hartika-parkan-kompozitine-sistema-universalus-erdviu-isdestymo-sprendimai\/\" \/>\n<meta property=\"og:locale\" content=\"lt_LT\" \/>\n<meta property=\"og:type\" content=\"article\" \/>\n<meta property=\"og:title\" content=\"HARTIKA PARKAN kompozitin\u0117 sistema - universal\u016bs erdvi\u0173 i\u0161d\u0117stymo sprendimai\" \/>\n<meta property=\"og:description\" content=\"Neseniai rinkoje pasirod\u017eiusi kompozitin\u0117 sistema HARTIKA PARKAN sulauk\u0117 didelio susidom\u0117jimo d\u0117l i\u0161d\u0117stymo universalumo, paprasto montavimo ir i\u0161skirtinio ilgaam\u017ei\u0161kumo. I\u0161 ties\u0173, HARTIKA PARKAN pagrindin\u0117 paskirtis yra pertvaros ir tvoros, ta\u010diau tai ne vienintelis sistemos panaudojimo b\u016bdas.\" \/>\n<meta property=\"og:url\" content=\"https:\/\/hartika.com\/lt\/uncategorized-lt\/hartika-parkan-kompozitine-sistema-universalus-erdviu-isdestymo-sprendimai\/\" \/>\n<meta property=\"og:site_name\" content=\"Hartika. Pi\u0119kno na lata.\" \/>\n<meta property=\"article:publisher\" content=\"https:\/\/www.facebook.com\/people\/Tarasy-Hartika\/100057582753952\/\" \/>\n<meta property=\"article:published_time\" content=\"2021-10-10T19:42:49+00:00\" \/>\n<meta property=\"article:modified_time\" content=\"2022-07-01T12:28:23+00:00\" \/>\n<meta property=\"og:image\" content=\"https:\/\/hartika.com\/wp-content\/uploads\/2020\/02\/12-Kompozytowy-system-parkan.jpg\" \/>\n\t<meta property=\"og:image:width\" content=\"2048\" \/>\n\t<meta property=\"og:image:height\" content=\"1365\" \/>\n\t<meta property=\"og:image:type\" content=\"image\/jpeg\" \/>\n<meta name=\"author\" content=\"tomaszb\" \/>\n<meta name=\"twitter:card\" content=\"summary_large_image\" \/>\n<meta name=\"twitter:label1\" content=\"Written by\" \/>\n\t<meta name=\"twitter:data1\" content=\"tomaszb\" \/>\n\t<meta name=\"twitter:label2\" content=\"Est. reading time\" \/>\n\t<meta name=\"twitter:data2\" content=\"4 minut\u0117s\" \/>\n<script type=\"application\/ld+json\" class=\"yoast-schema-graph\">{\"@context\":\"https:\\\/\\\/schema.org\",\"@graph\":[{\"@type\":\"Article\",\"@id\":\"https:\\\/\\\/hartika.com\\\/lt\\\/uncategorized-lt\\\/hartika-parkan-kompozitine-sistema-universalus-erdviu-isdestymo-sprendimai\\\/#article\",\"isPartOf\":{\"@id\":\"https:\\\/\\\/hartika.com\\\/lt\\\/uncategorized-lt\\\/hartika-parkan-kompozitine-sistema-universalus-erdviu-isdestymo-sprendimai\\\/\"},\"author\":{\"name\":\"tomaszb\",\"@id\":\"https:\\\/\\\/hartika.com\\\/lt\\\/#\\\/schema\\\/person\\\/a9625db4d9a348bcbc1b100e6818b0d7\"},\"headline\":\"HARTIKA PARKAN kompozitin\u0117 sistema &#8211; universal\u016bs erdvi\u0173 i\u0161d\u0117stymo sprendimai\",\"datePublished\":\"2021-10-10T19:42:49+00:00\",\"dateModified\":\"2022-07-01T12:28:23+00:00\",\"mainEntityOfPage\":{\"@id\":\"https:\\\/\\\/hartika.com\\\/lt\\\/uncategorized-lt\\\/hartika-parkan-kompozitine-sistema-universalus-erdviu-isdestymo-sprendimai\\\/\"},\"wordCount\":737,\"publisher\":{\"@id\":\"https:\\\/\\\/hartika.com\\\/lt\\\/#organization\"},\"image\":{\"@id\":\"https:\\\/\\\/hartika.com\\\/lt\\\/uncategorized-lt\\\/hartika-parkan-kompozitine-sistema-universalus-erdviu-isdestymo-sprendimai\\\/#primaryimage\"},\"thumbnailUrl\":\"https:\\\/\\\/hartika.com\\\/wp-content\\\/uploads\\\/2020\\\/02\\\/12-Kompozytowy-system-parkan.jpg\",\"keywords\":[\"kompozito tvora\",\"kompozito tvorel\u0117\",\"lentos patvarumas\",\"sveikos lentos\",\"tvora\"],\"articleSection\":[\"Uncategorized @lt\"],\"inLanguage\":\"lt-LT\"},{\"@type\":\"WebPage\",\"@id\":\"https:\\\/\\\/hartika.com\\\/lt\\\/uncategorized-lt\\\/hartika-parkan-kompozitine-sistema-universalus-erdviu-isdestymo-sprendimai\\\/\",\"url\":\"https:\\\/\\\/hartika.com\\\/lt\\\/uncategorized-lt\\\/hartika-parkan-kompozitine-sistema-universalus-erdviu-isdestymo-sprendimai\\\/\",\"name\":\"HARTIKA PARKAN kompozitin\u0117 sistema\",\"isPartOf\":{\"@id\":\"https:\\\/\\\/hartika.com\\\/lt\\\/#website\"},\"primaryImageOfPage\":{\"@id\":\"https:\\\/\\\/hartika.com\\\/lt\\\/uncategorized-lt\\\/hartika-parkan-kompozitine-sistema-universalus-erdviu-isdestymo-sprendimai\\\/#primaryimage\"},\"image\":{\"@id\":\"https:\\\/\\\/hartika.com\\\/lt\\\/uncategorized-lt\\\/hartika-parkan-kompozitine-sistema-universalus-erdviu-isdestymo-sprendimai\\\/#primaryimage\"},\"thumbnailUrl\":\"https:\\\/\\\/hartika.com\\\/wp-content\\\/uploads\\\/2020\\\/02\\\/12-Kompozytowy-system-parkan.jpg\",\"datePublished\":\"2021-10-10T19:42:49+00:00\",\"dateModified\":\"2022-07-01T12:28:23+00:00\",\"breadcrumb\":{\"@id\":\"https:\\\/\\\/hartika.com\\\/lt\\\/uncategorized-lt\\\/hartika-parkan-kompozitine-sistema-universalus-erdviu-isdestymo-sprendimai\\\/#breadcrumb\"},\"inLanguage\":\"lt-LT\",\"potentialAction\":[{\"@type\":\"ReadAction\",\"target\":[\"https:\\\/\\\/hartika.com\\\/lt\\\/uncategorized-lt\\\/hartika-parkan-kompozitine-sistema-universalus-erdviu-isdestymo-sprendimai\\\/\"]}]},{\"@type\":\"ImageObject\",\"inLanguage\":\"lt-LT\",\"@id\":\"https:\\\/\\\/hartika.com\\\/lt\\\/uncategorized-lt\\\/hartika-parkan-kompozitine-sistema-universalus-erdviu-isdestymo-sprendimai\\\/#primaryimage\",\"url\":\"https:\\\/\\\/hartika.com\\\/wp-content\\\/uploads\\\/2020\\\/02\\\/12-Kompozytowy-system-parkan.jpg\",\"contentUrl\":\"https:\\\/\\\/hartika.com\\\/wp-content\\\/uploads\\\/2020\\\/02\\\/12-Kompozytowy-system-parkan.jpg\",\"width\":2048,\"height\":1365,\"caption\":\"kompozytowy system parkan\"},{\"@type\":\"BreadcrumbList\",\"@id\":\"https:\\\/\\\/hartika.com\\\/lt\\\/uncategorized-lt\\\/hartika-parkan-kompozitine-sistema-universalus-erdviu-isdestymo-sprendimai\\\/#breadcrumb\",\"itemListElement\":[{\"@type\":\"ListItem\",\"position\":1,\"name\":\"Strona g\u0142\u00f3wna\",\"item\":\"https:\\\/\\\/hartika.com\\\/lt\\\/strona-glowna\\\/\"},{\"@type\":\"ListItem\",\"position\":2,\"name\":\"HARTIKA PARKAN kompozitin\u0117 sistema &#8211; universal\u016bs erdvi\u0173 i\u0161d\u0117stymo sprendimai\"}]},{\"@type\":\"WebSite\",\"@id\":\"https:\\\/\\\/hartika.com\\\/lt\\\/#website\",\"url\":\"https:\\\/\\\/hartika.com\\\/lt\\\/\",\"name\":\"Tarasy i ogrodzenia kompozytowe Hartika. Pi\u0119kno na lata.\",\"description\":\"Producent taras\u00f3w i ogrodze\u0144 kompozytowych.\",\"publisher\":{\"@id\":\"https:\\\/\\\/hartika.com\\\/lt\\\/#organization\"},\"alternateName\":\"Tarasy i ogrodzenia kompozytowe Hartika.\",\"potentialAction\":[{\"@type\":\"SearchAction\",\"target\":{\"@type\":\"EntryPoint\",\"urlTemplate\":\"https:\\\/\\\/hartika.com\\\/lt\\\/?s={search_term_string}\"},\"query-input\":{\"@type\":\"PropertyValueSpecification\",\"valueRequired\":true,\"valueName\":\"search_term_string\"}}],\"inLanguage\":\"lt-LT\"},{\"@type\":[\"Organization\",\"Place\",\"Corporation\"],\"@id\":\"https:\\\/\\\/hartika.com\\\/lt\\\/#organization\",\"name\":\"Hartika Sp. z o.o.\",\"alternateName\":\"Hartika WPC\",\"url\":\"https:\\\/\\\/hartika.com\\\/lt\\\/\",\"logo\":{\"@id\":\"https:\\\/\\\/hartika.com\\\/lt\\\/uncategorized-lt\\\/hartika-parkan-kompozitine-sistema-universalus-erdviu-isdestymo-sprendimai\\\/#local-main-organization-logo\"},\"image\":{\"@id\":\"https:\\\/\\\/hartika.com\\\/lt\\\/uncategorized-lt\\\/hartika-parkan-kompozitine-sistema-universalus-erdviu-isdestymo-sprendimai\\\/#local-main-organization-logo\"},\"sameAs\":[\"https:\\\/\\\/www.facebook.com\\\/people\\\/Tarasy-Hartika\\\/100057582753952\\\/\",\"https:\\\/\\\/ke.linkedin.com\\\/company\\\/hartika\"],\"address\":{\"@id\":\"https:\\\/\\\/hartika.com\\\/lt\\\/uncategorized-lt\\\/hartika-parkan-kompozitine-sistema-universalus-erdviu-isdestymo-sprendimai\\\/#local-main-place-address\"},\"geo\":{\"@type\":\"GeoCoordinates\",\"latitude\":\"53.55530067584501\",\"longitude\":\"22.309762340482035\"},\"telephone\":[\"+48864442020\"],\"openingHoursSpecification\":[{\"@type\":\"OpeningHoursSpecification\",\"dayOfWeek\":[\"Monday\",\"Tuesday\",\"Wednesday\",\"Thursday\",\"Friday\"],\"opens\":\"08:00\",\"closes\":\"16:00\"},{\"@type\":\"OpeningHoursSpecification\",\"dayOfWeek\":[\"Saturday\",\"Sunday\"],\"opens\":\"00:00\",\"closes\":\"00:00\"}],\"email\":\"hartika@hartika.com\",\"areaServed\":\"Europa\",\"vatID\":\"PL5423070660\",\"taxID\":\"5423070660\"},{\"@type\":\"Person\",\"@id\":\"https:\\\/\\\/hartika.com\\\/lt\\\/#\\\/schema\\\/person\\\/a9625db4d9a348bcbc1b100e6818b0d7\",\"name\":\"tomaszb\",\"image\":{\"@type\":\"ImageObject\",\"inLanguage\":\"lt-LT\",\"@id\":\"https:\\\/\\\/secure.gravatar.com\\\/avatar\\\/ed71994df0acf5d9c882ad867ab50fdc6fa823dc07a03eb84512059e4f1ad19e?s=96&d=mm&r=g\",\"url\":\"https:\\\/\\\/secure.gravatar.com\\\/avatar\\\/ed71994df0acf5d9c882ad867ab50fdc6fa823dc07a03eb84512059e4f1ad19e?s=96&d=mm&r=g\",\"contentUrl\":\"https:\\\/\\\/secure.gravatar.com\\\/avatar\\\/ed71994df0acf5d9c882ad867ab50fdc6fa823dc07a03eb84512059e4f1ad19e?s=96&d=mm&r=g\",\"caption\":\"tomaszb\"}},{\"@type\":\"PostalAddress\",\"@id\":\"https:\\\/\\\/hartika.com\\\/lt\\\/uncategorized-lt\\\/hartika-parkan-kompozitine-sistema-universalus-erdviu-isdestymo-sprendimai\\\/#local-main-place-address\",\"streetAddress\":\"ul. Przemys\u0142owa 9\",\"addressLocality\":\"Szczuczyn\",\"postalCode\":\"19-230\",\"addressRegion\":\"Podlaskie\",\"addressCountry\":\"PL\"},{\"@type\":\"ImageObject\",\"inLanguage\":\"lt-LT\",\"@id\":\"https:\\\/\\\/hartika.com\\\/lt\\\/uncategorized-lt\\\/hartika-parkan-kompozitine-sistema-universalus-erdviu-isdestymo-sprendimai\\\/#local-main-organization-logo\",\"url\":\"https:\\\/\\\/hartika.com\\\/wp-content\\\/uploads\\\/2019\\\/10\\\/LOGO.svg\",\"contentUrl\":\"https:\\\/\\\/hartika.com\\\/wp-content\\\/uploads\\\/2019\\\/10\\\/LOGO.svg\",\"caption\":\"Hartika Sp. z o.o.\"}]}<\/script>\n<meta name=\"geo.placename\" content=\"Szczuczyn\" \/>\n<meta name=\"geo.position\" content=\"53.55530067584501;22.309762340482035\" \/>\n<meta name=\"geo.region\" content=\"Poland\" \/>\n<!-- \/ Yoast SEO Premium plugin. -->","yoast_head_json":{"title":"HARTIKA PARKAN kompozitin\u0117 sistema","robots":{"index":"index","follow":"follow","max-snippet":"max-snippet:-1","max-image-preview":"max-image-preview:large","max-video-preview":"max-video-preview:-1"},"canonical":"https:\/\/hartika.com\/lt\/uncategorized-lt\/hartika-parkan-kompozitine-sistema-universalus-erdviu-isdestymo-sprendimai\/","og_locale":"lt_LT","og_type":"article","og_title":"HARTIKA PARKAN kompozitin\u0117 sistema - universal\u016bs erdvi\u0173 i\u0161d\u0117stymo sprendimai","og_description":"Neseniai rinkoje pasirod\u017eiusi kompozitin\u0117 sistema HARTIKA PARKAN sulauk\u0117 didelio susidom\u0117jimo d\u0117l i\u0161d\u0117stymo universalumo, paprasto montavimo ir i\u0161skirtinio ilgaam\u017ei\u0161kumo. I\u0161 ties\u0173, HARTIKA PARKAN pagrindin\u0117 paskirtis yra pertvaros ir tvoros, ta\u010diau tai ne vienintelis sistemos panaudojimo b\u016bdas.","og_url":"https:\/\/hartika.com\/lt\/uncategorized-lt\/hartika-parkan-kompozitine-sistema-universalus-erdviu-isdestymo-sprendimai\/","og_site_name":"Hartika. Pi\u0119kno na lata.","article_publisher":"https:\/\/www.facebook.com\/people\/Tarasy-Hartika\/100057582753952\/","article_published_time":"2021-10-10T19:42:49+00:00","article_modified_time":"2022-07-01T12:28:23+00:00","og_image":[{"width":2048,"height":1365,"url":"https:\/\/hartika.com\/wp-content\/uploads\/2020\/02\/12-Kompozytowy-system-parkan.jpg","type":"image\/jpeg"}],"author":"tomaszb","twitter_card":"summary_large_image","twitter_misc":{"Written by":"tomaszb","Est. reading time":"4 minut\u0117s"},"schema":{"@context":"https:\/\/schema.org","@graph":[{"@type":"Article","@id":"https:\/\/hartika.com\/lt\/uncategorized-lt\/hartika-parkan-kompozitine-sistema-universalus-erdviu-isdestymo-sprendimai\/#article","isPartOf":{"@id":"https:\/\/hartika.com\/lt\/uncategorized-lt\/hartika-parkan-kompozitine-sistema-universalus-erdviu-isdestymo-sprendimai\/"},"author":{"name":"tomaszb","@id":"https:\/\/hartika.com\/lt\/#\/schema\/person\/a9625db4d9a348bcbc1b100e6818b0d7"},"headline":"HARTIKA PARKAN kompozitin\u0117 sistema &#8211; universal\u016bs erdvi\u0173 i\u0161d\u0117stymo sprendimai","datePublished":"2021-10-10T19:42:49+00:00","dateModified":"2022-07-01T12:28:23+00:00","mainEntityOfPage":{"@id":"https:\/\/hartika.com\/lt\/uncategorized-lt\/hartika-parkan-kompozitine-sistema-universalus-erdviu-isdestymo-sprendimai\/"},"wordCount":737,"publisher":{"@id":"https:\/\/hartika.com\/lt\/#organization"},"image":{"@id":"https:\/\/hartika.com\/lt\/uncategorized-lt\/hartika-parkan-kompozitine-sistema-universalus-erdviu-isdestymo-sprendimai\/#primaryimage"},"thumbnailUrl":"https:\/\/hartika.com\/wp-content\/uploads\/2020\/02\/12-Kompozytowy-system-parkan.jpg","keywords":["kompozito tvora","kompozito tvorel\u0117","lentos patvarumas","sveikos lentos","tvora"],"articleSection":["Uncategorized @lt"],"inLanguage":"lt-LT"},{"@type":"WebPage","@id":"https:\/\/hartika.com\/lt\/uncategorized-lt\/hartika-parkan-kompozitine-sistema-universalus-erdviu-isdestymo-sprendimai\/","url":"https:\/\/hartika.com\/lt\/uncategorized-lt\/hartika-parkan-kompozitine-sistema-universalus-erdviu-isdestymo-sprendimai\/","name":"HARTIKA PARKAN kompozitin\u0117 sistema","isPartOf":{"@id":"https:\/\/hartika.com\/lt\/#website"},"primaryImageOfPage":{"@id":"https:\/\/hartika.com\/lt\/uncategorized-lt\/hartika-parkan-kompozitine-sistema-universalus-erdviu-isdestymo-sprendimai\/#primaryimage"},"image":{"@id":"https:\/\/hartika.com\/lt\/uncategorized-lt\/hartika-parkan-kompozitine-sistema-universalus-erdviu-isdestymo-sprendimai\/#primaryimage"},"thumbnailUrl":"https:\/\/hartika.com\/wp-content\/uploads\/2020\/02\/12-Kompozytowy-system-parkan.jpg","datePublished":"2021-10-10T19:42:49+00:00","dateModified":"2022-07-01T12:28:23+00:00","breadcrumb":{"@id":"https:\/\/hartika.com\/lt\/uncategorized-lt\/hartika-parkan-kompozitine-sistema-universalus-erdviu-isdestymo-sprendimai\/#breadcrumb"},"inLanguage":"lt-LT","potentialAction":[{"@type":"ReadAction","target":["https:\/\/hartika.com\/lt\/uncategorized-lt\/hartika-parkan-kompozitine-sistema-universalus-erdviu-isdestymo-sprendimai\/"]}]},{"@type":"ImageObject","inLanguage":"lt-LT","@id":"https:\/\/hartika.com\/lt\/uncategorized-lt\/hartika-parkan-kompozitine-sistema-universalus-erdviu-isdestymo-sprendimai\/#primaryimage","url":"https:\/\/hartika.com\/wp-content\/uploads\/2020\/02\/12-Kompozytowy-system-parkan.jpg","contentUrl":"https:\/\/hartika.com\/wp-content\/uploads\/2020\/02\/12-Kompozytowy-system-parkan.jpg","width":2048,"height":1365,"caption":"kompozytowy system parkan"},{"@type":"BreadcrumbList","@id":"https:\/\/hartika.com\/lt\/uncategorized-lt\/hartika-parkan-kompozitine-sistema-universalus-erdviu-isdestymo-sprendimai\/#breadcrumb","itemListElement":[{"@type":"ListItem","position":1,"name":"Strona g\u0142\u00f3wna","item":"https:\/\/hartika.com\/lt\/strona-glowna\/"},{"@type":"ListItem","position":2,"name":"HARTIKA PARKAN kompozitin\u0117 sistema &#8211; universal\u016bs erdvi\u0173 i\u0161d\u0117stymo sprendimai"}]},{"@type":"WebSite","@id":"https:\/\/hartika.com\/lt\/#website","url":"https:\/\/hartika.com\/lt\/","name":"Tarasy i ogrodzenia kompozytowe Hartika. Pi\u0119kno na lata.","description":"Producent taras\u00f3w i ogrodze\u0144 kompozytowych.","publisher":{"@id":"https:\/\/hartika.com\/lt\/#organization"},"alternateName":"Tarasy i ogrodzenia kompozytowe Hartika.","potentialAction":[{"@type":"SearchAction","target":{"@type":"EntryPoint","urlTemplate":"https:\/\/hartika.com\/lt\/?s={search_term_string}"},"query-input":{"@type":"PropertyValueSpecification","valueRequired":true,"valueName":"search_term_string"}}],"inLanguage":"lt-LT"},{"@type":["Organization","Place","Corporation"],"@id":"https:\/\/hartika.com\/lt\/#organization","name":"Hartika Sp. z o.o.","alternateName":"Hartika WPC","url":"https:\/\/hartika.com\/lt\/","logo":{"@id":"https:\/\/hartika.com\/lt\/uncategorized-lt\/hartika-parkan-kompozitine-sistema-universalus-erdviu-isdestymo-sprendimai\/#local-main-organization-logo"},"image":{"@id":"https:\/\/hartika.com\/lt\/uncategorized-lt\/hartika-parkan-kompozitine-sistema-universalus-erdviu-isdestymo-sprendimai\/#local-main-organization-logo"},"sameAs":["https:\/\/www.facebook.com\/people\/Tarasy-Hartika\/100057582753952\/","https:\/\/ke.linkedin.com\/company\/hartika"],"address":{"@id":"https:\/\/hartika.com\/lt\/uncategorized-lt\/hartika-parkan-kompozitine-sistema-universalus-erdviu-isdestymo-sprendimai\/#local-main-place-address"},"geo":{"@type":"GeoCoordinates","latitude":"53.55530067584501","longitude":"22.309762340482035"},"telephone":["+48864442020","+48864442020"],"openingHoursSpecification":[{"@type":"OpeningHoursSpecification","dayOfWeek":["Monday","Tuesday","Wednesday","Thursday","Friday"],"opens":"08:00","closes":"16:00"},{"@type":"OpeningHoursSpecification","dayOfWeek":["Saturday","Sunday"],"opens":"00:00","closes":"00:00"}],"email":"hartika@hartika.com","areaServed":"Europa","vatID":"PL5423070660","taxID":"5423070660"},{"@type":"Person","@id":"https:\/\/hartika.com\/lt\/#\/schema\/person\/a9625db4d9a348bcbc1b100e6818b0d7","name":"tomaszb","image":{"@type":"ImageObject","inLanguage":"lt-LT","@id":"https:\/\/secure.gravatar.com\/avatar\/ed71994df0acf5d9c882ad867ab50fdc6fa823dc07a03eb84512059e4f1ad19e?s=96&d=mm&r=g","url":"https:\/\/secure.gravatar.com\/avatar\/ed71994df0acf5d9c882ad867ab50fdc6fa823dc07a03eb84512059e4f1ad19e?s=96&d=mm&r=g","contentUrl":"https:\/\/secure.gravatar.com\/avatar\/ed71994df0acf5d9c882ad867ab50fdc6fa823dc07a03eb84512059e4f1ad19e?s=96&d=mm&r=g","caption":"tomaszb"}},{"@type":"PostalAddress","@id":"https:\/\/hartika.com\/lt\/uncategorized-lt\/hartika-parkan-kompozitine-sistema-universalus-erdviu-isdestymo-sprendimai\/#local-main-place-address","streetAddress":"ul. Przemys\u0142owa 9","addressLocality":"Szczuczyn","postalCode":"19-230","addressRegion":"Podlaskie","addressCountry":"PL"},{"@type":"ImageObject","inLanguage":"lt-LT","@id":"https:\/\/hartika.com\/lt\/uncategorized-lt\/hartika-parkan-kompozitine-sistema-universalus-erdviu-isdestymo-sprendimai\/#local-main-organization-logo","url":"https:\/\/hartika.com\/wp-content\/uploads\/2019\/10\/LOGO.svg","contentUrl":"https:\/\/hartika.com\/wp-content\/uploads\/2019\/10\/LOGO.svg","caption":"Hartika Sp. z o.o."}]},"geo.placename":"Szczuczyn","geo.position":{"lat":"53.55530067584501","long":"22.309762340482035"},"geo.region":"Poland"},"_links":{"self":[{"href":"https:\/\/hartika.com\/lt\/wp-json\/wp\/v2\/posts\/5572","targetHints":{"allow":["GET"]}}],"collection":[{"href":"https:\/\/hartika.com\/lt\/wp-json\/wp\/v2\/posts"}],"about":[{"href":"https:\/\/hartika.com\/lt\/wp-json\/wp\/v2\/types\/post"}],"author":[{"embeddable":true,"href":"https:\/\/hartika.com\/lt\/wp-json\/wp\/v2\/users\/6"}],"replies":[{"embeddable":true,"href":"https:\/\/hartika.com\/lt\/wp-json\/wp\/v2\/comments?post=5572"}],"version-history":[{"count":0,"href":"https:\/\/hartika.com\/lt\/wp-json\/wp\/v2\/posts\/5572\/revisions"}],"wp:featuredmedia":[{"embeddable":true,"href":"https:\/\/hartika.com\/lt\/wp-json\/wp\/v2\/media\/5583"}],"wp:attachment":[{"href":"https:\/\/hartika.com\/lt\/wp-json\/wp\/v2\/media?parent=5572"}],"wp:term":[{"taxonomy":"category","embeddable":true,"href":"https:\/\/hartika.com\/lt\/wp-json\/wp\/v2\/categories?post=5572"},{"taxonomy":"post_tag","embeddable":true,"href":"https:\/\/hartika.com\/lt\/wp-json\/wp\/v2\/tags?post=5572"}],"curies":[{"name":"wp","href":"https:\/\/api.w.org\/{rel}","templated":true}]}}